{"id":1263,"date":"2025-08-06T13:39:06","date_gmt":"2025-08-06T11:39:06","guid":{"rendered":"https:\/\/www.gygv.hu\/?p=1263"},"modified":"2025-08-06T13:39:08","modified_gmt":"2025-08-06T11:39:08","slug":"teljeskoru-ipari-megoldasok-tervezestol-a-kesztermekig","status":"publish","type":"post","link":"https:\/\/www.gygv.hu\/en\/teljeskoru-ipari-megoldasok-tervezestol-a-kesztermekig\/","title":{"rendered":"Teljesk\u00f6r\u0171 ipari megold\u00e1sok \u2013 tervez\u00e9st\u0151l a k\u00e9szterm\u00e9kig"},"content":{"rendered":"<p data-start=\"180\" data-end=\"571\">A <strong data-start=\"275\" data-end=\"283\">GYGV<\/strong> olyan ipari partner, amely a <strong data-start=\"313\" data-end=\"377\">m\u0171szaki egyeztet\u00e9st\u0151l a k\u00e9szre szerelt, dokument\u00e1lt term\u00e9kig<\/strong> lefedi a teljes gy\u00e1rt\u00e1si folyamatot.<br data-start=\"414\" data-end=\"417\" \/>Szakter\u00fclet\u00fcnk az <strong data-start=\"435\" data-end=\"482\">egyedi rozsdamentes alkatr\u00e9szek \u00e9s c\u00e9lg\u00e9pek<\/strong> fejleszt\u00e9se, gy\u00e1rt\u00e1sa \u00e9s \u00f6ssze\u00e9p\u00edt\u00e9se \u2013 <strong data-start=\"523\" data-end=\"579\">ipari szint\u0171 min\u0151s\u00e9gben, kis \u00e9s k\u00f6zepes sz\u00e9ri\u00e1ban is<\/strong>.<\/p>\n<p data-start=\"1820\" data-end=\"2116\">\u00a0<\/p>\n<h3 data-start=\"630\" data-end=\"670\">M\u0171szaki egyeztet\u00e9s &amp; tan\u00e1csad\u00e1s<\/h3>\n<p data-start=\"671\" data-end=\"836\">Minden sikeres projekt egy pontos ig\u00e9nnyel kezd\u0151dik \u2013 mi pedig seg\u00edt\u00fcnk azt optimaliz\u00e1lni. Tapasztalatunkkal m\u00e1r a tervez\u00e9si f\u00e1zis el\u0151tt t\u00e1mogatjuk a d\u00f6nt\u00e9shozatalt.<\/p>\n<h3 data-start=\"881\" data-end=\"934\">3D tervez\u00e9s, g\u00e9ptervez\u00e9s, gy\u00e1rt\u00e1sel\u0151k\u00e9sz\u00edt\u00e9s<\/h3>\n<p data-start=\"935\" data-end=\"1161\">Ak\u00e1r rozsdamentes ipari alkatr\u00e9szekr\u0151l, ak\u00e1r komplett c\u00e9lg\u00e9pekr\u0151l van sz\u00f3, m\u00e9rn\u00f6ki szinten tervezz\u00fck meg a m\u0171k\u00f6d\u0151 megold\u00e1st.<br data-start=\"1059\" data-end=\"1062\" \/><strong data-start=\"1062\" data-end=\"1161\">CAD-alap\u00fa tervez\u00e9s, gy\u00e1rthat\u00f3s\u00e1gi vizsg\u00e1lat, protot\u00edpus-fejleszt\u00e9s \u2013 gyakorlatias szeml\u00e9lettel.<\/strong><\/p>\n<h3 data-start=\"1206\" data-end=\"1257\">Lemezmegmunk\u00e1l\u00e1s \u00e9s hegeszt\u00e9s \u2013 egy k\u00e9zben<\/h3>\n<p data-start=\"1258\" data-end=\"1553\">A gy\u00e1rt\u00e1si folyamatot h\u00e1zon bel\u00fcl v\u00e9gezz\u00fck: a lemezmegmunk\u00e1l\u00e1s, a robotiz\u00e1lt \u00e9s k\u00e9zi hegeszt\u00e9s, valamint az orbit\u00e1lis technol\u00f3gia is rendelkez\u00e9sre \u00e1ll.<br data-start=\"1409\" data-end=\"1412\" \/>A munkadarabok pontoss\u00e1ga \u00e9s min\u0151s\u00e9ge <strong data-start=\"1450\" data-end=\"1496\">az adott ipar\u00e1gi k\u00f6vetelm\u00e9nyekhez igazodik<\/strong>, legyen sz\u00f3 kis sz\u00e9ri\u00e1s alkatr\u00e9szr\u0151l vagy g\u00e9pv\u00e1zelemr\u0151l.<\/p>\n<h3 data-start=\"1598\" data-end=\"1649\">Egyedi c\u00e9lg\u00e9pek \u2013 m\u0171k\u00f6d\u0151 egys\u00e9gk\u00e9nt \u00e1tadva<\/h3>\n<p data-start=\"1650\" data-end=\"1856\">A GYGV kiemelt szakter\u00fclete az <strong data-start=\"1681\" data-end=\"1705\">egyedi c\u00e9lg\u00e9pgy\u00e1rt\u00e1s<\/strong>. Saj\u00e1t tervez\u00e9s\u0171, funkcion\u00e1lis g\u00e9pek, amelyek konkr\u00e9t gy\u00e1rt\u00e1si vagy szerel\u00e9si feladatokat l\u00e1tnak el \u2013 megrendel\u0151i specifik\u00e1ci\u00f3 szerint, dokument\u00e1ltan.<\/p>\n<h3 data-start=\"1901\" data-end=\"1949\">Teljesk\u00f6r\u0171 dokument\u00e1ci\u00f3 \u00e9s megfelel\u0151s\u00e9g<\/h3>\n<p data-start=\"1950\" data-end=\"2187\">Minden k\u00e9szterm\u00e9khez <strong data-start=\"1971\" data-end=\"2003\">teljes m\u0171szaki dokument\u00e1ci\u00f3t<\/strong>, <strong data-start=\"2005\" data-end=\"2019\">g\u00e9pk\u00f6nyvet<\/strong>, valamint <strong data-start=\"2030\" data-end=\"2089\">ig\u00e9ny eset\u00e9n CE-jel\u00f6l\u00e9st \u00e9s megfelel\u0151s\u00e9gi nyilatkozatot<\/strong> biztos\u00edtunk.<br data-start=\"2102\" data-end=\"2105\" \/>Mert a gy\u00e1rt\u00e1s nem z\u00e1rul le a darab \u00e1tad\u00e1sakor \u2013 csak akkor, ha az m\u0171k\u00f6d\u00e9sre k\u00e9sz.<\/p>\n<h3 data-start=\"2232\" data-end=\"2292\">Nagyv\u00e1llalati referenci\u00e1kkal, visszat\u00e9r\u0151 bizalommal<\/h3>\n<p data-start=\"2293\" data-end=\"2462\">Referenci\u00e1ink k\u00f6z\u00f6tt <strong data-start=\"2314\" data-end=\"2343\">nemzetk\u00f6zi nagyv\u00e1llalatok<\/strong> is szerepelnek, akik a GYGV-t <strong data-start=\"2374\" data-end=\"2416\">min\u0151s\u00e9gi, megb\u00edzhat\u00f3 ipari partnerk\u00e9nt<\/strong> v\u00e1lasztj\u00e1k \u2013 nem egyszer, hanem \u00fajra \u00e9s \u00fajra.<\/p>\n\n\n<figure class=\"wp-block-gallery has-nested-images columns-default is-cropped wp-block-gallery-1 is-layout-flex wp-block-gallery-is-layout-flex\">\n<figure class=\"wp-block-image size-large\"><img fetchpriority=\"high\" decoding=\"async\" width=\"1024\" height=\"668\" data-id=\"1217\" src=\"https:\/\/www.gygv.hu\/files\/3drajz-1024x668.jpg\" alt=\"\" class=\"wp-image-1217\" srcset=\"https:\/\/www.gygv.hu\/files\/3drajz-1024x668.jpg 1024w, https:\/\/www.gygv.hu\/files\/3drajz-300x196.jpg 300w, https:\/\/www.gygv.hu\/files\/3drajz-768x501.jpg 768w, https:\/\/www.gygv.hu\/files\/3drajz-18x12.jpg 18w, https:\/\/www.gygv.hu\/files\/3drajz.jpg 1241w\" sizes=\"(max-width: 1024px) 100vw, 1024px\" \/><\/figure>\n\n\n\n<figure class=\"wp-block-image size-full\"><img decoding=\"async\" width=\"2048\" height=\"1536\" data-id=\"1017\" src=\"https:\/\/www.gygv.hu\/files\/skid_modularis_rendszerek.jpg\" alt=\"\" class=\"wp-image-1017\" srcset=\"https:\/\/www.gygv.hu\/files\/skid_modularis_rendszerek.jpg 2048w, https:\/\/www.gygv.hu\/files\/skid_modularis_rendszerek-300x225.jpg 300w, https:\/\/www.gygv.hu\/files\/skid_modularis_rendszerek-1024x768.jpg 1024w, https:\/\/www.gygv.hu\/files\/skid_modularis_rendszerek-768x576.jpg 768w, https:\/\/www.gygv.hu\/files\/skid_modularis_rendszerek-1536x1152.jpg 1536w, https:\/\/www.gygv.hu\/files\/skid_modularis_rendszerek-16x12.jpg 16w\" sizes=\"(max-width: 2048px) 100vw, 2048px\" \/><\/figure>\n<\/figure>\n\n\n\n<div class=\"wp-block-group is-nowrap is-layout-flex wp-container-core-group-is-layout-ad2f72ca wp-block-group-is-layout-flex\">\n<figure class=\"wp-block-image size-large\"><img decoding=\"async\" width=\"1024\" height=\"768\" src=\"https:\/\/www.gygv.hu\/files\/1664958320547-002-1024x768.jpg\" alt=\"\" class=\"wp-image-1196\" srcset=\"https:\/\/www.gygv.hu\/files\/1664958320547-002-1024x768.jpg 1024w, https:\/\/www.gygv.hu\/files\/1664958320547-002-300x225.jpg 300w, https:\/\/www.gygv.hu\/files\/1664958320547-002-768x576.jpg 768w, https:\/\/www.gygv.hu\/files\/1664958320547-002-1536x1152.jpg 1536w, https:\/\/www.gygv.hu\/files\/1664958320547-002-16x12.jpg 16w, https:\/\/www.gygv.hu\/files\/1664958320547-002.jpg 1805w\" sizes=\"(max-width: 1024px) 100vw, 1024px\" \/><\/figure>\n\n\n\n<figure class=\"wp-block-gallery has-nested-images columns-default is-cropped wp-block-gallery-2 is-layout-flex wp-block-gallery-is-layout-flex\">\n<figure class=\"wp-block-image size-large\"><img loading=\"lazy\" decoding=\"async\" width=\"1024\" height=\"585\" data-id=\"1134\" src=\"https:\/\/www.gygv.hu\/files\/elso_nyomastarto-1024x585.png\" alt=\"\" class=\"wp-image-1134\" srcset=\"https:\/\/www.gygv.hu\/files\/elso_nyomastarto-1024x585.png 1024w, https:\/\/www.gygv.hu\/files\/elso_nyomastarto-300x171.png 300w, https:\/\/www.gygv.hu\/files\/elso_nyomastarto-768x439.png 768w, https:\/\/www.gygv.hu\/files\/elso_nyomastarto-18x10.png 18w, https:\/\/www.gygv.hu\/files\/elso_nyomastarto.png 1236w\" sizes=\"(max-width: 1024px) 100vw, 1024px\" \/><\/figure>\n\n\n\n<figure class=\"wp-block-image size-large\"><img loading=\"lazy\" decoding=\"async\" width=\"1024\" height=\"768\" data-id=\"1112\" src=\"https:\/\/www.gygv.hu\/files\/IMG_7967-1024x768.jpg\" alt=\"\" class=\"wp-image-1112\" srcset=\"https:\/\/www.gygv.hu\/files\/IMG_7967-1024x768.jpg 1024w, https:\/\/www.gygv.hu\/files\/IMG_7967-300x225.jpg 300w, https:\/\/www.gygv.hu\/files\/IMG_7967-768x576.jpg 768w, https:\/\/www.gygv.hu\/files\/IMG_7967-1536x1152.jpg 1536w, https:\/\/www.gygv.hu\/files\/IMG_7967-16x12.jpg 16w, https:\/\/www.gygv.hu\/files\/IMG_7967.jpg 2016w\" sizes=\"(max-width: 1024px) 100vw, 1024px\" \/><\/figure>\n<\/figure>\n<\/div>\n\n\n\n<p><\/p>","protected":false},"excerpt":{"rendered":"<p>A GYGV olyan ipari partner, amely a m\u0171szaki egyeztet\u00e9st\u0151l a k\u00e9szre szerelt, dokument\u00e1lt term\u00e9kig lefedi a teljes gy\u00e1rt\u00e1si folyamatot.Szakter\u00fclet\u00fcnk az egyedi rozsdamentes alkatr\u00e9szek \u00e9s c\u00e9lg\u00e9pek fejleszt\u00e9se, gy\u00e1rt\u00e1sa \u00e9s \u00f6ssze\u00e9p\u00edt\u00e9se \u2013 ipari szint\u0171 min\u0151s\u00e9gben, kis \u00e9s k\u00f6zepes sz\u00e9ri\u00e1ban is. \u00a0 M\u0171szaki egyeztet\u00e9s &amp; tan\u00e1csad\u00e1s Minden sikeres projekt egy pontos ig\u00e9nnyel kezd\u0151dik \u2013 mi pedig seg\u00edt\u00fcnk azt &#8230; <a title=\"Teljesk\u00f6r\u0171 ipari megold\u00e1sok \u2013 tervez\u00e9st\u0151l a k\u00e9szterm\u00e9kig\" class=\"read-more\" href=\"https:\/\/www.gygv.hu\/en\/teljeskoru-ipari-megoldasok-tervezestol-a-kesztermekig\/\" aria-label=\"Read more about Teljesk\u00f6r\u0171 ipari megold\u00e1sok \u2013 tervez\u00e9st\u0151l a k\u00e9szterm\u00e9kig\">Read more<\/a><\/p>","protected":false},"author":2,"featured_media":1055,"comment_status":"closed","ping_status":"closed","sticky":false,"template":"","format":"standard","meta":{"footnotes":""},"categories":[28,27,26,21,25],"tags":[],"class_list":["post-1263","post","type-post","status-publish","format-standard","has-post-thumbnail","hentry","category-elelmiszeripar","category-gepgyartas","category-gyogyszeripar","category-magyar","category-vegyipar"],"_links":{"self":[{"href":"https:\/\/www.gygv.hu\/en\/wp-json\/wp\/v2\/posts\/1263","targetHints":{"allow":["GET"]}}],"collection":[{"href":"https:\/\/www.gygv.hu\/en\/wp-json\/wp\/v2\/posts"}],"about":[{"href":"https:\/\/www.gygv.hu\/en\/wp-json\/wp\/v2\/types\/post"}],"author":[{"embeddable":true,"href":"https:\/\/www.gygv.hu\/en\/wp-json\/wp\/v2\/users\/2"}],"replies":[{"embeddable":true,"href":"https:\/\/www.gygv.hu\/en\/wp-json\/wp\/v2\/comments?post=1263"}],"version-history":[{"count":0,"href":"https:\/\/www.gygv.hu\/en\/wp-json\/wp\/v2\/posts\/1263\/revisions"}],"wp:featuredmedia":[{"embeddable":true,"href":"https:\/\/www.gygv.hu\/en\/wp-json\/wp\/v2\/media\/1055"}],"wp:attachment":[{"href":"https:\/\/www.gygv.hu\/en\/wp-json\/wp\/v2\/media?parent=1263"}],"wp:term":[{"taxonomy":"category","embeddable":true,"href":"https:\/\/www.gygv.hu\/en\/wp-json\/wp\/v2\/categories?post=1263"},{"taxonomy":"post_tag","embeddable":true,"href":"https:\/\/www.gygv.hu\/en\/wp-json\/wp\/v2\/tags?post=1263"}],"curies":[{"name":"wp","href":"https:\/\/api.w.org\/{rel}","templated":true}]}}