{"id":1186,"date":"2025-02-04T13:50:57","date_gmt":"2025-02-04T12:50:57","guid":{"rendered":"https:\/\/www.gygv.hu\/?p=1186"},"modified":"2025-02-04T13:50:59","modified_gmt":"2025-02-04T12:50:59","slug":"napelem-beruhazas","status":"publish","type":"post","link":"https:\/\/www.gygv.hu\/en\/napelem-beruhazas\/","title":{"rendered":"Fenntarthat\u00f3 j\u00f6v\u0151: A GYGV Kanizsa napelemes beruh\u00e1z\u00e1sa \u00e9s elektromos aut\u00f3t\u00f6lt\u0151i"},"content":{"rendered":"<p>A GYGV Kanizsa elk\u00f6telezett a fenntarthat\u00f3s\u00e1g \u00e9s az energiahat\u00e9konys\u00e1g ir\u00e1nt. Ennek jegy\u00e9ben tavaly \u00e9v v\u00e9g\u00e9n egy <strong>100 kW teljes\u00edtm\u00e9ny\u0171, visszwattos napelemrendszert<\/strong> telep\u00edtett\u00fcnk csarnokunk tetej\u00e9re, amely jelent\u0151s l\u00e9p\u00e9s v\u00e1llalatunk z\u00f6ld \u00e1t\u00e1ll\u00e1s\u00e1ban.<\/p>\n<p>Az \u00faj rendszer \u00e9vente ak\u00e1r <strong>kb. 120 000 kWh tiszta energi\u00e1t<\/strong> termel, amely b\u0151ven fedezi a c\u00e9g \u00e9ves fogyaszt\u00e1s\u00e1t az elm\u00falt \u00e9vek adatai alapj\u00e1n. Mivel a rendszer nem t\u00e1pl\u00e1l vissza a h\u00e1l\u00f3zatba, az \u00e1ltalunk megtermelt energi\u00e1t teljes eg\u00e9sz\u00e9ben saj\u00e1t m\u0171k\u00f6d\u00e9s\u00fcnkre haszn\u00e1ljuk fel. Ennek eredm\u00e9nyek\u00e9nt \u00e9ves szinten <strong>mintegy 50 tonn\u00e1val<\/strong> cs\u00f6kkentj\u00fck sz\u00e9n-dioxid-kibocs\u00e1t\u00e1sunkat, ami <strong>t\u00f6bb mint 2000 fa el\u00fcltet\u00e9s\u00e9nek<\/strong> felel meg.<\/p>\n<p>A fenntarthat\u00f3s\u00e1g tov\u00e1bbi t\u00e1mogat\u00e1sa \u00e9rdek\u00e9ben <strong>elektromos aut\u00f3t\u00f6lt\u0151ket<\/strong> is telep\u00edtett\u00fcnk, amelyekkel tov\u00e1bb n\u00f6velj\u00fck energiahat\u00e9konys\u00e1gunkat \u00e9s cs\u00f6kkentj\u00fck \u00f6kol\u00f3giai l\u00e1bnyomunkat.<\/p>\n<p>Ezekkel a fejleszt\u00e9sekkel a GYGV Kanizsa tov\u00e1bbra is akt\u00edvan hozz\u00e1j\u00e1rul a k\u00f6rnyezetv\u00e9delemhez \u00e9s a fenntarthat\u00f3 j\u00f6v\u0151 \u00e9p\u00edt\u00e9s\u00e9hez. <strong>C\u00e9g\u00fcnk tov\u00e1bbi z\u00f6ld beruh\u00e1z\u00e1sokat \u00e9s hat\u00e9konys\u00e1gn\u00f6vel\u0151 fejleszt\u00e9seket tervez a j\u00f6v\u0151ben is. Ennek egyik kor\u00e1bbi \u00e1llom\u00e1sa volt az ISO 14001 k\u00f6rnyezetir\u00e1ny\u00edt\u00e1si tan\u00fas\u00edtv\u00e1ny megszerz\u00e9se 2023-ban, amely meger\u0151s\u00edtette elk\u00f6telezetts\u00e9g\u00fcnket a fenntarthat\u00f3 m\u0171k\u00f6d\u00e9s mellett<\/strong><\/p>\n\n\n<p><\/p>\n\n\n\n<p><\/p>\n\n\n\n<div class=\"wp-block-group\"><div class=\"wp-block-group__inner-container is-layout-constrained wp-block-group-is-layout-constrained\">\n<div class=\"wp-block-columns is-layout-flex wp-container-core-columns-is-layout-9d6595d7 wp-block-columns-is-layout-flex\">\n<div class=\"wp-block-column is-layout-flow wp-block-column-is-layout-flow\" style=\"flex-basis:100%\">\n<figure class=\"wp-block-gallery has-nested-images columns-3 is-cropped wp-block-gallery-1 is-layout-flex wp-block-gallery-is-layout-flex\">\n<figure class=\"wp-block-image size-large\"><img fetchpriority=\"high\" decoding=\"async\" width=\"1024\" height=\"677\" data-id=\"1182\" src=\"https:\/\/www.gygv.hu\/files\/napelem_1-1024x677.png\" alt=\"\" class=\"wp-image-1182\" srcset=\"https:\/\/www.gygv.hu\/files\/napelem_1-1024x677.png 1024w, https:\/\/www.gygv.hu\/files\/napelem_1-300x198.png 300w, https:\/\/www.gygv.hu\/files\/napelem_1-768x508.png 768w, https:\/\/www.gygv.hu\/files\/napelem_1-18x12.png 18w, https:\/\/www.gygv.hu\/files\/napelem_1.png 1280w\" sizes=\"(max-width: 1024px) 100vw, 1024px\" \/><\/figure>\n\n\n\n<figure class=\"wp-block-image size-large\"><img decoding=\"async\" width=\"1024\" height=\"768\" data-id=\"1185\" src=\"https:\/\/www.gygv.hu\/files\/IMG_9717-1024x768.jpg\" alt=\"\" class=\"wp-image-1185\" srcset=\"https:\/\/www.gygv.hu\/files\/IMG_9717-1024x768.jpg 1024w, https:\/\/www.gygv.hu\/files\/IMG_9717-300x225.jpg 300w, https:\/\/www.gygv.hu\/files\/IMG_9717-768x576.jpg 768w, https:\/\/www.gygv.hu\/files\/IMG_9717-1536x1152.jpg 1536w, https:\/\/www.gygv.hu\/files\/IMG_9717-2048x1536.jpg 2048w, https:\/\/www.gygv.hu\/files\/IMG_9717-16x12.jpg 16w\" sizes=\"(max-width: 1024px) 100vw, 1024px\" \/><\/figure>\n\n\n\n<figure class=\"wp-block-image size-large\"><img decoding=\"async\" width=\"1024\" height=\"678\" data-id=\"1183\" src=\"https:\/\/www.gygv.hu\/files\/napelem_2-1024x678.jpg\" alt=\"\" class=\"wp-image-1183\" srcset=\"https:\/\/www.gygv.hu\/files\/napelem_2-1024x678.jpg 1024w, https:\/\/www.gygv.hu\/files\/napelem_2-300x199.jpg 300w, https:\/\/www.gygv.hu\/files\/napelem_2-768x509.jpg 768w, https:\/\/www.gygv.hu\/files\/napelem_2-18x12.jpg 18w, https:\/\/www.gygv.hu\/files\/napelem_2.jpg 1280w\" sizes=\"(max-width: 1024px) 100vw, 1024px\" \/><\/figure>\n\n\n\n<figure class=\"wp-block-image size-large\"><img loading=\"lazy\" decoding=\"async\" width=\"1024\" height=\"678\" data-id=\"1184\" src=\"https:\/\/www.gygv.hu\/files\/napelem_3-1024x678.jpg\" alt=\"\" class=\"wp-image-1184\" srcset=\"https:\/\/www.gygv.hu\/files\/napelem_3-1024x678.jpg 1024w, https:\/\/www.gygv.hu\/files\/napelem_3-300x199.jpg 300w, https:\/\/www.gygv.hu\/files\/napelem_3-768x509.jpg 768w, https:\/\/www.gygv.hu\/files\/napelem_3-18x12.jpg 18w, https:\/\/www.gygv.hu\/files\/napelem_3.jpg 1280w\" sizes=\"(max-width: 1024px) 100vw, 1024px\" \/><\/figure>\n<\/figure>\n<\/div>\n<\/div>\n<\/div><\/div>","protected":false},"excerpt":{"rendered":"<p>A GYGV Kanizsa elk\u00f6telezett a fenntarthat\u00f3s\u00e1g \u00e9s az energiahat\u00e9konys\u00e1g ir\u00e1nt. Ennek jegy\u00e9ben tavaly \u00e9v v\u00e9g\u00e9n egy 100 kW teljes\u00edtm\u00e9ny\u0171, visszwattos napelemrendszert telep\u00edtett\u00fcnk csarnokunk tetej\u00e9re, amely jelent\u0151s l\u00e9p\u00e9s v\u00e1llalatunk z\u00f6ld \u00e1t\u00e1ll\u00e1s\u00e1ban. Az \u00faj rendszer \u00e9vente ak\u00e1r kb. 120 000 kWh tiszta energi\u00e1t termel, amely b\u0151ven fedezi a c\u00e9g \u00e9ves fogyaszt\u00e1s\u00e1t az elm\u00falt \u00e9vek adatai alapj\u00e1n. Mivel &#8230; <a title=\"Fenntarthat\u00f3 j\u00f6v\u0151: A GYGV Kanizsa napelemes beruh\u00e1z\u00e1sa \u00e9s elektromos aut\u00f3t\u00f6lt\u0151i\" class=\"read-more\" href=\"https:\/\/www.gygv.hu\/en\/napelem-beruhazas\/\" aria-label=\"Read more about Fenntarthat\u00f3 j\u00f6v\u0151: A GYGV Kanizsa napelemes beruh\u00e1z\u00e1sa \u00e9s elektromos aut\u00f3t\u00f6lt\u0151i\">Read more<\/a><\/p>","protected":false},"author":2,"featured_media":1183,"comment_status":"closed","ping_status":"closed","sticky":false,"template":"","format":"standard","meta":{"footnotes":""},"categories":[21],"tags":[],"class_list":["post-1186","post","type-post","status-publish","format-standard","has-post-thumbnail","hentry","category-magyar"],"_links":{"self":[{"href":"https:\/\/www.gygv.hu\/en\/wp-json\/wp\/v2\/posts\/1186","targetHints":{"allow":["GET"]}}],"collection":[{"href":"https:\/\/www.gygv.hu\/en\/wp-json\/wp\/v2\/posts"}],"about":[{"href":"https:\/\/www.gygv.hu\/en\/wp-json\/wp\/v2\/types\/post"}],"author":[{"embeddable":true,"href":"https:\/\/www.gygv.hu\/en\/wp-json\/wp\/v2\/users\/2"}],"replies":[{"embeddable":true,"href":"https:\/\/www.gygv.hu\/en\/wp-json\/wp\/v2\/comments?post=1186"}],"version-history":[{"count":0,"href":"https:\/\/www.gygv.hu\/en\/wp-json\/wp\/v2\/posts\/1186\/revisions"}],"wp:featuredmedia":[{"embeddable":true,"href":"https:\/\/www.gygv.hu\/en\/wp-json\/wp\/v2\/media\/1183"}],"wp:attachment":[{"href":"https:\/\/www.gygv.hu\/en\/wp-json\/wp\/v2\/media?parent=1186"}],"wp:term":[{"taxonomy":"category","embeddable":true,"href":"https:\/\/www.gygv.hu\/en\/wp-json\/wp\/v2\/categories?post=1186"},{"taxonomy":"post_tag","embeddable":true,"href":"https:\/\/www.gygv.hu\/en\/wp-json\/wp\/v2\/tags?post=1186"}],"curies":[{"name":"wp","href":"https:\/\/api.w.org\/{rel}","templated":true}]}}